{"id":1247,"date":"2022-01-19T11:52:22","date_gmt":"2022-01-19T10:52:22","guid":{"rendered":"https:\/\/www.agriturismoertila.it\/2022\/01\/19\/bitti-autunno-in-barbagia-2018\/"},"modified":"2022-02-23T12:44:44","modified_gmt":"2022-02-23T11:44:44","slug":"bitti-autunno-in-barbagia-2018","status":"publish","type":"post","link":"https:\/\/www.agriturismoertila.it\/fr\/2022\/01\/19\/bitti-autunno-in-barbagia-2018\/","title":{"rendered":"Bitti &#8211; Autunno in Barbagia 2018"},"content":{"rendered":"<p>L&rsquo;Autunno in Barbagia recommencera les 1er et 2 septembre 2018 \u00e0 partir de Bitti, permettant aux nombreux touristes qui affluent vers les c\u00f4tes de la Sardaigne \u00e0 la fin de l&rsquo;\u00e9t\u00e9 d&rsquo;aller d\u00e9couvrir les valeurs, les savoirs et les saveurs les plus authentiques des pays de l&rsquo;int\u00e9rieur, l\u00e0 o\u00f9 bat le vrai c\u0153ur de notre \u00eele. En fait, l&rsquo;\u00e9v\u00e9nement &#8211; n\u00e9 sous le nom de Cortes Apertas &#8211; pr\u00e9voit que les villages de l&rsquo;int\u00e9rieur ouvrent litt\u00e9ralement les maisons du centre historique aux visiteurs en signe d&rsquo;hospitalit\u00e9, leur offrant un v\u00e9ritable \u00e9chantillon de Sardaigne, y compris des d\u00e9gustations de produits typiques, expositions d&rsquo;artisanat, musique et spectacles.<\/p>\n","protected":false},"excerpt":{"rendered":"<p>L&rsquo;Autunno in Barbagia recommencera les 1er et 2 septembre 2018 \u00e0 partir de Bitti, permettant aux nombreux touristes qui affluent vers les c\u00f4tes de la Sardaigne \u00e0 la fin de l&rsquo;\u00e9t\u00e9 d&rsquo;aller d\u00e9couvrir les valeurs, les savoirs et les saveurs les plus authentiques des pays de l&rsquo;int\u00e9rieur, l\u00e0 o\u00f9 bat le vrai c\u0153ur de notre [&hellip;]<\/p>\n","protected":false},"author":1,"featured_media":1055,"comment_status":"closed","ping_status":"closed","sticky":false,"template":"","format":"standard","meta":{"footnotes":""},"categories":[22],"tags":[],"class_list":["post-1247","post","type-post","status-publish","format-standard","has-post-thumbnail","hentry","category-eventi-fr"],"yoast_head":"<!-- This site is optimized with the Yoast SEO plugin v28.3 - https:\/\/yoast.com\/product\/yoast-seo-wordpress\/ -->\n<title>Bitti - Autunno in Barbagia 2018 - Agriturismo Ertila<\/title>\n<meta name=\"robots\" content=\"index, follow, max-snippet:-1, max-image-preview:large, max-video-preview:-1\" \/>\n<link rel=\"canonical\" href=\"https:\/\/www.agriturismoertila.it\/fr\/2022\/01\/19\/bitti-autunno-in-barbagia-2018\/\" \/>\n<meta property=\"og:locale\" content=\"fr_FR\" \/>\n<meta property=\"og:type\" content=\"article\" \/>\n<meta property=\"og:title\" content=\"Bitti - Autunno in Barbagia 2018 - Agriturismo Ertila\" \/>\n<meta property=\"og:description\" content=\"L&rsquo;Autunno in Barbagia recommencera les 1er et 2 septembre 2018 \u00e0 partir de Bitti, permettant aux nombreux touristes qui affluent vers les c\u00f4tes de la Sardaigne \u00e0 la fin de l&rsquo;\u00e9t\u00e9 d&rsquo;aller d\u00e9couvrir les valeurs, les savoirs et les saveurs les plus authentiques des pays de l&rsquo;int\u00e9rieur, l\u00e0 o\u00f9 bat le vrai c\u0153ur de notre [&hellip;]\" \/>\n<meta property=\"og:url\" content=\"https:\/\/www.agriturismoertila.it\/fr\/2022\/01\/19\/bitti-autunno-in-barbagia-2018\/\" \/>\n<meta property=\"og:site_name\" content=\"Agriturismo Ertila\" \/>\n<meta property=\"article:publisher\" content=\"https:\/\/www.facebook.com\/AgriturismoErtila\/\" \/>\n<meta property=\"article:published_time\" content=\"2022-01-19T10:52:22+00:00\" \/>\n<meta property=\"article:modified_time\" content=\"2022-02-23T11:44:44+00:00\" \/>\n<meta property=\"og:image\" content=\"https:\/\/www.agriturismoertila.it\/wp-content\/uploads\/2022\/01\/AIB18.jpg\" \/>\n\t<meta property=\"og:image:width\" content=\"1189\" \/>\n\t<meta property=\"og:image:height\" content=\"1662\" \/>\n\t<meta property=\"og:image:type\" content=\"image\/jpeg\" \/>\n<meta name=\"author\" content=\"adminrtla\" \/>\n<meta name=\"twitter:card\" content=\"summary_large_image\" \/>\n<meta name=\"twitter:label1\" content=\"\u00c9crit par\" \/>\n\t<meta name=\"twitter:data1\" content=\"adminrtla\" \/>\n\t<meta name=\"twitter:label2\" content=\"Dur\u00e9e de lecture estim\u00e9e\" \/>\n\t<meta name=\"twitter:data2\" content=\"1 minute\" \/>\n<script type=\"application\/ld+json\" class=\"yoast-schema-graph\">{\"@context\":\"https:\\\/\\\/schema.org\",\"@graph\":[{\"@type\":\"Article\",\"@id\":\"https:\\\/\\\/www.agriturismoertila.it\\\/fr\\\/2022\\\/01\\\/19\\\/bitti-autunno-in-barbagia-2018\\\/#article\",\"isPartOf\":{\"@id\":\"https:\\\/\\\/www.agriturismoertila.it\\\/fr\\\/2022\\\/01\\\/19\\\/bitti-autunno-in-barbagia-2018\\\/\"},\"author\":{\"name\":\"adminrtla\",\"@id\":\"https:\\\/\\\/www.agriturismoertila.it\\\/#\\\/schema\\\/person\\\/71ba927f74bfeaebc2da3215ca586702\"},\"headline\":\"Bitti &#8211; Autunno in Barbagia 2018\",\"datePublished\":\"2022-01-19T10:52:22+00:00\",\"dateModified\":\"2022-02-23T11:44:44+00:00\",\"mainEntityOfPage\":{\"@id\":\"https:\\\/\\\/www.agriturismoertila.it\\\/fr\\\/2022\\\/01\\\/19\\\/bitti-autunno-in-barbagia-2018\\\/\"},\"wordCount\":124,\"publisher\":{\"@id\":\"https:\\\/\\\/www.agriturismoertila.it\\\/#organization\"},\"image\":{\"@id\":\"https:\\\/\\\/www.agriturismoertila.it\\\/fr\\\/2022\\\/01\\\/19\\\/bitti-autunno-in-barbagia-2018\\\/#primaryimage\"},\"thumbnailUrl\":\"https:\\\/\\\/www.agriturismoertila.it\\\/wp-content\\\/uploads\\\/2022\\\/01\\\/AIB18.jpg\",\"articleSection\":[\"Eventi\"],\"inLanguage\":\"fr-FR\"},{\"@type\":\"WebPage\",\"@id\":\"https:\\\/\\\/www.agriturismoertila.it\\\/fr\\\/2022\\\/01\\\/19\\\/bitti-autunno-in-barbagia-2018\\\/\",\"url\":\"https:\\\/\\\/www.agriturismoertila.it\\\/fr\\\/2022\\\/01\\\/19\\\/bitti-autunno-in-barbagia-2018\\\/\",\"name\":\"Bitti - Autunno in Barbagia 2018 - Agriturismo Ertila\",\"isPartOf\":{\"@id\":\"https:\\\/\\\/www.agriturismoertila.it\\\/#website\"},\"primaryImageOfPage\":{\"@id\":\"https:\\\/\\\/www.agriturismoertila.it\\\/fr\\\/2022\\\/01\\\/19\\\/bitti-autunno-in-barbagia-2018\\\/#primaryimage\"},\"image\":{\"@id\":\"https:\\\/\\\/www.agriturismoertila.it\\\/fr\\\/2022\\\/01\\\/19\\\/bitti-autunno-in-barbagia-2018\\\/#primaryimage\"},\"thumbnailUrl\":\"https:\\\/\\\/www.agriturismoertila.it\\\/wp-content\\\/uploads\\\/2022\\\/01\\\/AIB18.jpg\",\"datePublished\":\"2022-01-19T10:52:22+00:00\",\"dateModified\":\"2022-02-23T11:44:44+00:00\",\"breadcrumb\":{\"@id\":\"https:\\\/\\\/www.agriturismoertila.it\\\/fr\\\/2022\\\/01\\\/19\\\/bitti-autunno-in-barbagia-2018\\\/#breadcrumb\"},\"inLanguage\":\"fr-FR\",\"potentialAction\":[{\"@type\":\"ReadAction\",\"target\":[\"https:\\\/\\\/www.agriturismoertila.it\\\/fr\\\/2022\\\/01\\\/19\\\/bitti-autunno-in-barbagia-2018\\\/\"]}]},{\"@type\":\"ImageObject\",\"inLanguage\":\"fr-FR\",\"@id\":\"https:\\\/\\\/www.agriturismoertila.it\\\/fr\\\/2022\\\/01\\\/19\\\/bitti-autunno-in-barbagia-2018\\\/#primaryimage\",\"url\":\"https:\\\/\\\/www.agriturismoertila.it\\\/wp-content\\\/uploads\\\/2022\\\/01\\\/AIB18.jpg\",\"contentUrl\":\"https:\\\/\\\/www.agriturismoertila.it\\\/wp-content\\\/uploads\\\/2022\\\/01\\\/AIB18.jpg\",\"width\":1189,\"height\":1662},{\"@type\":\"BreadcrumbList\",\"@id\":\"https:\\\/\\\/www.agriturismoertila.it\\\/fr\\\/2022\\\/01\\\/19\\\/bitti-autunno-in-barbagia-2018\\\/#breadcrumb\",\"itemListElement\":[{\"@type\":\"ListItem\",\"position\":1,\"name\":\"Home\",\"item\":\"https:\\\/\\\/www.agriturismoertila.it\\\/fr\\\/ertila-ai-confini-del-tepilora\\\/\"},{\"@type\":\"ListItem\",\"position\":2,\"name\":\"Bitti &#8211; Autunno in Barbagia 2018\"}]},{\"@type\":\"WebSite\",\"@id\":\"https:\\\/\\\/www.agriturismoertila.it\\\/#website\",\"url\":\"https:\\\/\\\/www.agriturismoertila.it\\\/\",\"name\":\"Agriturismo Ertila\",\"description\":\"Ristorante, Agricampeggio, Fattoria a Bitti\",\"publisher\":{\"@id\":\"https:\\\/\\\/www.agriturismoertila.it\\\/#organization\"},\"potentialAction\":[{\"@type\":\"SearchAction\",\"target\":{\"@type\":\"EntryPoint\",\"urlTemplate\":\"https:\\\/\\\/www.agriturismoertila.it\\\/?s={search_term_string}\"},\"query-input\":{\"@type\":\"PropertyValueSpecification\",\"valueRequired\":true,\"valueName\":\"search_term_string\"}}],\"inLanguage\":\"fr-FR\"},{\"@type\":\"Organization\",\"@id\":\"https:\\\/\\\/www.agriturismoertila.it\\\/#organization\",\"name\":\"Agriturismo Ertila\",\"url\":\"https:\\\/\\\/www.agriturismoertila.it\\\/\",\"logo\":{\"@type\":\"ImageObject\",\"inLanguage\":\"fr-FR\",\"@id\":\"https:\\\/\\\/www.agriturismoertila.it\\\/#\\\/schema\\\/logo\\\/image\\\/\",\"url\":\"https:\\\/\\\/www.agriturismoertila.it\\\/wp-content\\\/uploads\\\/2022\\\/01\\\/Logo-ertila-2x.png\",\"contentUrl\":\"https:\\\/\\\/www.agriturismoertila.it\\\/wp-content\\\/uploads\\\/2022\\\/01\\\/Logo-ertila-2x.png\",\"width\":257,\"height\":80,\"caption\":\"Agriturismo Ertila\"},\"image\":{\"@id\":\"https:\\\/\\\/www.agriturismoertila.it\\\/#\\\/schema\\\/logo\\\/image\\\/\"},\"sameAs\":[\"https:\\\/\\\/www.facebook.com\\\/AgriturismoErtila\\\/\",\"https:\\\/\\\/www.instagram.com\\\/agriturismoertila\\\/\",\"https:\\\/\\\/www.tripadvisor.it\\\/Restaurant_Review-g1077961-d3330975-Reviews-Agriturismo_Ertila-Bitti_Province_of_Nuoro_Sardinia.html\"]},{\"@type\":\"Person\",\"@id\":\"https:\\\/\\\/www.agriturismoertila.it\\\/#\\\/schema\\\/person\\\/71ba927f74bfeaebc2da3215ca586702\",\"name\":\"adminrtla\",\"image\":{\"@type\":\"ImageObject\",\"inLanguage\":\"fr-FR\",\"@id\":\"https:\\\/\\\/secure.gravatar.com\\\/avatar\\\/c6641ade5553f62a2f2dc53b923bf4efe5399775a4639548fdcba7db89509bf4?s=96&d=mm&r=g\",\"url\":\"https:\\\/\\\/secure.gravatar.com\\\/avatar\\\/c6641ade5553f62a2f2dc53b923bf4efe5399775a4639548fdcba7db89509bf4?s=96&d=mm&r=g\",\"contentUrl\":\"https:\\\/\\\/secure.gravatar.com\\\/avatar\\\/c6641ade5553f62a2f2dc53b923bf4efe5399775a4639548fdcba7db89509bf4?s=96&d=mm&r=g\",\"caption\":\"adminrtla\"},\"sameAs\":[\"https:\\\/\\\/www.agriturismoertila.it\"],\"url\":\"https:\\\/\\\/www.agriturismoertila.it\\\/fr\\\/author\\\/adminrtla\\\/\"}]}<\/script>\n<!-- \/ Yoast SEO plugin. -->","yoast_head_json":{"title":"Bitti - Autunno in Barbagia 2018 - Agriturismo Ertila","robots":{"index":"index","follow":"follow","max-snippet":"max-snippet:-1","max-image-preview":"max-image-preview:large","max-video-preview":"max-video-preview:-1"},"canonical":"https:\/\/www.agriturismoertila.it\/fr\/2022\/01\/19\/bitti-autunno-in-barbagia-2018\/","og_locale":"fr_FR","og_type":"article","og_title":"Bitti - Autunno in Barbagia 2018 - Agriturismo Ertila","og_description":"L&rsquo;Autunno in Barbagia recommencera les 1er et 2 septembre 2018 \u00e0 partir de Bitti, permettant aux nombreux touristes qui affluent vers les c\u00f4tes de la Sardaigne \u00e0 la fin de l&rsquo;\u00e9t\u00e9 d&rsquo;aller d\u00e9couvrir les valeurs, les savoirs et les saveurs les plus authentiques des pays de l&rsquo;int\u00e9rieur, l\u00e0 o\u00f9 bat le vrai c\u0153ur de notre [&hellip;]","og_url":"https:\/\/www.agriturismoertila.it\/fr\/2022\/01\/19\/bitti-autunno-in-barbagia-2018\/","og_site_name":"Agriturismo Ertila","article_publisher":"https:\/\/www.facebook.com\/AgriturismoErtila\/","article_published_time":"2022-01-19T10:52:22+00:00","article_modified_time":"2022-02-23T11:44:44+00:00","og_image":[{"width":1189,"height":1662,"url":"https:\/\/www.agriturismoertila.it\/wp-content\/uploads\/2022\/01\/AIB18.jpg","type":"image\/jpeg"}],"author":"adminrtla","twitter_card":"summary_large_image","twitter_misc":{"\u00c9crit par":"adminrtla","Dur\u00e9e de lecture estim\u00e9e":"1 minute"},"schema":{"@context":"https:\/\/schema.org","@graph":[{"@type":"Article","@id":"https:\/\/www.agriturismoertila.it\/fr\/2022\/01\/19\/bitti-autunno-in-barbagia-2018\/#article","isPartOf":{"@id":"https:\/\/www.agriturismoertila.it\/fr\/2022\/01\/19\/bitti-autunno-in-barbagia-2018\/"},"author":{"name":"adminrtla","@id":"https:\/\/www.agriturismoertila.it\/#\/schema\/person\/71ba927f74bfeaebc2da3215ca586702"},"headline":"Bitti &#8211; Autunno in Barbagia 2018","datePublished":"2022-01-19T10:52:22+00:00","dateModified":"2022-02-23T11:44:44+00:00","mainEntityOfPage":{"@id":"https:\/\/www.agriturismoertila.it\/fr\/2022\/01\/19\/bitti-autunno-in-barbagia-2018\/"},"wordCount":124,"publisher":{"@id":"https:\/\/www.agriturismoertila.it\/#organization"},"image":{"@id":"https:\/\/www.agriturismoertila.it\/fr\/2022\/01\/19\/bitti-autunno-in-barbagia-2018\/#primaryimage"},"thumbnailUrl":"https:\/\/www.agriturismoertila.it\/wp-content\/uploads\/2022\/01\/AIB18.jpg","articleSection":["Eventi"],"inLanguage":"fr-FR"},{"@type":"WebPage","@id":"https:\/\/www.agriturismoertila.it\/fr\/2022\/01\/19\/bitti-autunno-in-barbagia-2018\/","url":"https:\/\/www.agriturismoertila.it\/fr\/2022\/01\/19\/bitti-autunno-in-barbagia-2018\/","name":"Bitti - Autunno in Barbagia 2018 - Agriturismo Ertila","isPartOf":{"@id":"https:\/\/www.agriturismoertila.it\/#website"},"primaryImageOfPage":{"@id":"https:\/\/www.agriturismoertila.it\/fr\/2022\/01\/19\/bitti-autunno-in-barbagia-2018\/#primaryimage"},"image":{"@id":"https:\/\/www.agriturismoertila.it\/fr\/2022\/01\/19\/bitti-autunno-in-barbagia-2018\/#primaryimage"},"thumbnailUrl":"https:\/\/www.agriturismoertila.it\/wp-content\/uploads\/2022\/01\/AIB18.jpg","datePublished":"2022-01-19T10:52:22+00:00","dateModified":"2022-02-23T11:44:44+00:00","breadcrumb":{"@id":"https:\/\/www.agriturismoertila.it\/fr\/2022\/01\/19\/bitti-autunno-in-barbagia-2018\/#breadcrumb"},"inLanguage":"fr-FR","potentialAction":[{"@type":"ReadAction","target":["https:\/\/www.agriturismoertila.it\/fr\/2022\/01\/19\/bitti-autunno-in-barbagia-2018\/"]}]},{"@type":"ImageObject","inLanguage":"fr-FR","@id":"https:\/\/www.agriturismoertila.it\/fr\/2022\/01\/19\/bitti-autunno-in-barbagia-2018\/#primaryimage","url":"https:\/\/www.agriturismoertila.it\/wp-content\/uploads\/2022\/01\/AIB18.jpg","contentUrl":"https:\/\/www.agriturismoertila.it\/wp-content\/uploads\/2022\/01\/AIB18.jpg","width":1189,"height":1662},{"@type":"BreadcrumbList","@id":"https:\/\/www.agriturismoertila.it\/fr\/2022\/01\/19\/bitti-autunno-in-barbagia-2018\/#breadcrumb","itemListElement":[{"@type":"ListItem","position":1,"name":"Home","item":"https:\/\/www.agriturismoertila.it\/fr\/ertila-ai-confini-del-tepilora\/"},{"@type":"ListItem","position":2,"name":"Bitti &#8211; Autunno in Barbagia 2018"}]},{"@type":"WebSite","@id":"https:\/\/www.agriturismoertila.it\/#website","url":"https:\/\/www.agriturismoertila.it\/","name":"Agriturismo Ertila","description":"Ristorante, Agricampeggio, Fattoria a Bitti","publisher":{"@id":"https:\/\/www.agriturismoertila.it\/#organization"},"potentialAction":[{"@type":"SearchAction","target":{"@type":"EntryPoint","urlTemplate":"https:\/\/www.agriturismoertila.it\/?s={search_term_string}"},"query-input":{"@type":"PropertyValueSpecification","valueRequired":true,"valueName":"search_term_string"}}],"inLanguage":"fr-FR"},{"@type":"Organization","@id":"https:\/\/www.agriturismoertila.it\/#organization","name":"Agriturismo Ertila","url":"https:\/\/www.agriturismoertila.it\/","logo":{"@type":"ImageObject","inLanguage":"fr-FR","@id":"https:\/\/www.agriturismoertila.it\/#\/schema\/logo\/image\/","url":"https:\/\/www.agriturismoertila.it\/wp-content\/uploads\/2022\/01\/Logo-ertila-2x.png","contentUrl":"https:\/\/www.agriturismoertila.it\/wp-content\/uploads\/2022\/01\/Logo-ertila-2x.png","width":257,"height":80,"caption":"Agriturismo Ertila"},"image":{"@id":"https:\/\/www.agriturismoertila.it\/#\/schema\/logo\/image\/"},"sameAs":["https:\/\/www.facebook.com\/AgriturismoErtila\/","https:\/\/www.instagram.com\/agriturismoertila\/","https:\/\/www.tripadvisor.it\/Restaurant_Review-g1077961-d3330975-Reviews-Agriturismo_Ertila-Bitti_Province_of_Nuoro_Sardinia.html"]},{"@type":"Person","@id":"https:\/\/www.agriturismoertila.it\/#\/schema\/person\/71ba927f74bfeaebc2da3215ca586702","name":"adminrtla","image":{"@type":"ImageObject","inLanguage":"fr-FR","@id":"https:\/\/secure.gravatar.com\/avatar\/c6641ade5553f62a2f2dc53b923bf4efe5399775a4639548fdcba7db89509bf4?s=96&d=mm&r=g","url":"https:\/\/secure.gravatar.com\/avatar\/c6641ade5553f62a2f2dc53b923bf4efe5399775a4639548fdcba7db89509bf4?s=96&d=mm&r=g","contentUrl":"https:\/\/secure.gravatar.com\/avatar\/c6641ade5553f62a2f2dc53b923bf4efe5399775a4639548fdcba7db89509bf4?s=96&d=mm&r=g","caption":"adminrtla"},"sameAs":["https:\/\/www.agriturismoertila.it"],"url":"https:\/\/www.agriturismoertila.it\/fr\/author\/adminrtla\/"}]}},"_links":{"self":[{"href":"https:\/\/www.agriturismoertila.it\/fr\/wp-json\/wp\/v2\/posts\/1247","targetHints":{"allow":["GET"]}}],"collection":[{"href":"https:\/\/www.agriturismoertila.it\/fr\/wp-json\/wp\/v2\/posts"}],"about":[{"href":"https:\/\/www.agriturismoertila.it\/fr\/wp-json\/wp\/v2\/types\/post"}],"author":[{"embeddable":true,"href":"https:\/\/www.agriturismoertila.it\/fr\/wp-json\/wp\/v2\/users\/1"}],"replies":[{"embeddable":true,"href":"https:\/\/www.agriturismoertila.it\/fr\/wp-json\/wp\/v2\/comments?post=1247"}],"version-history":[{"count":2,"href":"https:\/\/www.agriturismoertila.it\/fr\/wp-json\/wp\/v2\/posts\/1247\/revisions"}],"predecessor-version":[{"id":1658,"href":"https:\/\/www.agriturismoertila.it\/fr\/wp-json\/wp\/v2\/posts\/1247\/revisions\/1658"}],"wp:featuredmedia":[{"embeddable":true,"href":"https:\/\/www.agriturismoertila.it\/fr\/wp-json\/wp\/v2\/media\/1055"}],"wp:attachment":[{"href":"https:\/\/www.agriturismoertila.it\/fr\/wp-json\/wp\/v2\/media?parent=1247"}],"wp:term":[{"taxonomy":"category","embeddable":true,"href":"https:\/\/www.agriturismoertila.it\/fr\/wp-json\/wp\/v2\/categories?post=1247"},{"taxonomy":"post_tag","embeddable":true,"href":"https:\/\/www.agriturismoertila.it\/fr\/wp-json\/wp\/v2\/tags?post=1247"}],"curies":[{"name":"wp","href":"https:\/\/api.w.org\/{rel}","templated":true}]}}